{"id":4850,"date":"2025-03-17T15:04:29","date_gmt":"2025-03-17T19:04:29","guid":{"rendered":"https:\/\/studionarluga.com\/?p=4850"},"modified":"2025-03-17T15:26:41","modified_gmt":"2025-03-17T19:26:41","slug":"thomas-tremblay-nouvel-associe","status":"publish","type":"post","link":"https:\/\/studionarluga.com\/index.php\/2025\/03\/17\/thomas-tremblay-nouvel-associe\/","title":{"rendered":"Thomas Tremblay : nouvel associ\u00e9 !"},"content":{"rendered":"\n<p>Voici notre nouvel associ\u00e9 !! Dipl\u00f4m\u00e9 du Coll\u00e8ge Lionel-Groulx en composition, Thomas est maintenant \u00e9tudiant \u00e0 l\u2019Universit\u00e9 de Montr\u00e9al. Passionn\u00e9 par tous les styles, du jazz au rock progressif, il privil\u00e9gie cr\u00e9ativit\u00e9 et qualit\u00e9 sonore. Thomas compte plusieurs projets, dont son premier album solo sorti en 2024 et un spectacle de marionnettes \u00e0 travers le Qu\u00e9bec.<\/p>\n\n\n\n<ul class=\"wp-block-social-links is-layout-flex wp-block-social-links-is-layout-flex\"><li class=\"wp-social-link wp-social-link-instagram  wp-block-social-link\"><a href=\"https:\/\/www.instagram.com\/thomas_tremblay_music\/?utm_source=ig_web_button_share_sheet&#038;igsh=ZDNlZDc0MzIxNw%3D%3D\" class=\"wp-block-social-link-anchor\"><svg width=\"24\" height=\"24\" viewBox=\"0 0 24 24\" version=\"1.1\" xmlns=\"http:\/\/www.w3.org\/2000\/svg\" aria-hidden=\"true\" focusable=\"false\"><path d=\"M12,4.622c2.403,0,2.688,0.009,3.637,0.052c0.877,0.04,1.354,0.187,1.671,0.31c0.42,0.163,0.72,0.358,1.035,0.673 c0.315,0.315,0.51,0.615,0.673,1.035c0.123,0.317,0.27,0.794,0.31,1.671c0.043,0.949,0.052,1.234,0.052,3.637 s-0.009,2.688-0.052,3.637c-0.04,0.877-0.187,1.354-0.31,1.671c-0.163,0.42-0.358,0.72-0.673,1.035 c-0.315,0.315-0.615,0.51-1.035,0.673c-0.317,0.123-0.794,0.27-1.671,0.31c-0.949,0.043-1.233,0.052-3.637,0.052 s-2.688-0.009-3.637-0.052c-0.877-0.04-1.354-0.187-1.671-0.31c-0.42-0.163-0.72-0.358-1.035-0.673 c-0.315-0.315-0.51-0.615-0.673-1.035c-0.123-0.317-0.27-0.794-0.31-1.671C4.631,14.688,4.622,14.403,4.622,12 s0.009-2.688,0.052-3.637c0.04-0.877,0.187-1.354,0.31-1.671c0.163-0.42,0.358-0.72,0.673-1.035 c0.315-0.315,0.615-0.51,1.035-0.673c0.317-0.123,0.794-0.27,1.671-0.31C9.312,4.631,9.597,4.622,12,4.622 M12,3 C9.556,3,9.249,3.01,8.289,3.054C7.331,3.098,6.677,3.25,6.105,3.472C5.513,3.702,5.011,4.01,4.511,4.511 c-0.5,0.5-0.808,1.002-1.038,1.594C3.25,6.677,3.098,7.331,3.054,8.289C3.01,9.249,3,9.556,3,12c0,2.444,0.01,2.751,0.054,3.711 c0.044,0.958,0.196,1.612,0.418,2.185c0.23,0.592,0.538,1.094,1.038,1.594c0.5,0.5,1.002,0.808,1.594,1.038 c0.572,0.222,1.227,0.375,2.185,0.418C9.249,20.99,9.556,21,12,21s2.751-0.01,3.711-0.054c0.958-0.044,1.612-0.196,2.185-0.418 c0.592-0.23,1.094-0.538,1.594-1.038c0.5-0.5,0.808-1.002,1.038-1.594c0.222-0.572,0.375-1.227,0.418-2.185 C20.99,14.751,21,14.444,21,12s-0.01-2.751-0.054-3.711c-0.044-0.958-0.196-1.612-0.418-2.185c-0.23-0.592-0.538-1.094-1.038-1.594 c-0.5-0.5-1.002-0.808-1.594-1.038c-0.572-0.222-1.227-0.375-2.185-0.418C14.751,3.01,14.444,3,12,3L12,3z M12,7.378 c-2.552,0-4.622,2.069-4.622,4.622S9.448,16.622,12,16.622s4.622-2.069,4.622-4.622S14.552,7.378,12,7.378z M12,15 c-1.657,0-3-1.343-3-3s1.343-3,3-3s3,1.343,3,3S13.657,15,12,15z M16.804,6.116c-0.596,0-1.08,0.484-1.08,1.08 s0.484,1.08,1.08,1.08c0.596,0,1.08-0.484,1.08-1.08S17.401,6.116,16.804,6.116z\"><\/path><\/svg><span class=\"wp-block-social-link-label screen-reader-text\">Instagram<\/span><\/a><\/li><\/ul>\n\n\n\n<p><\/p>\n","protected":false},"excerpt":{"rendered":"<p>Voici notre nouvel associ\u00e9 !! Dipl\u00f4m\u00e9 du Coll\u00e8ge Lionel-Groulx en composition, Thomas est maintenant \u00e9tudiant \u00e0 l\u2019Universit\u00e9 de Montr\u00e9al. Passionn\u00e9 par tous les styles, du jazz au rock progressif, il privil\u00e9gie cr\u00e9ativit\u00e9 et qualit\u00e9 sonore. Thomas compte plusieurs projets, dont son premier album solo sorti en 2024 et un spectacle de marionnettes \u00e0 travers le [&hellip;]<\/p>\n","protected":false},"author":1,"featured_media":4418,"comment_status":"closed","ping_status":"closed","sticky":false,"template":"","format":"standard","meta":{"_acf_changed":false,"footnotes":""},"categories":[1],"tags":[],"class_list":["post-4850","post","type-post","status-publish","format-standard","has-post-thumbnail","hentry","category-non-classe"],"acf":[],"yoast_head":"<!-- This site is optimized with the Yoast SEO plugin v26.2 - https:\/\/yoast.com\/wordpress\/plugins\/seo\/ -->\n<title>Thomas Tremblay : nouvel associ\u00e9 ! - Studio Narluga<\/title>\n<meta name=\"robots\" content=\"noindex, follow\" \/>\n<meta property=\"og:locale\" content=\"fr_CA\" \/>\n<meta property=\"og:type\" content=\"article\" \/>\n<meta property=\"og:title\" content=\"Thomas Tremblay : nouvel associ\u00e9 ! - Studio Narluga\" \/>\n<meta property=\"og:description\" content=\"Voici notre nouvel associ\u00e9 !! Dipl\u00f4m\u00e9 du Coll\u00e8ge Lionel-Groulx en composition, Thomas est maintenant \u00e9tudiant \u00e0 l\u2019Universit\u00e9 de Montr\u00e9al. Passionn\u00e9 par tous les styles, du jazz au rock progressif, il privil\u00e9gie cr\u00e9ativit\u00e9 et qualit\u00e9 sonore. Thomas compte plusieurs projets, dont son premier album solo sorti en 2024 et un spectacle de marionnettes \u00e0 travers le [&hellip;]\" \/>\n<meta property=\"og:url\" content=\"https:\/\/studionarluga.com\/index.php\/2025\/03\/17\/thomas-tremblay-nouvel-associe\/\" \/>\n<meta property=\"og:site_name\" content=\"Studio Narluga\" \/>\n<meta property=\"article:publisher\" content=\"https:\/\/www.facebook.com\/studio.narluga\" \/>\n<meta property=\"article:published_time\" content=\"2025-03-17T19:04:29+00:00\" \/>\n<meta property=\"article:modified_time\" content=\"2025-03-17T19:26:41+00:00\" \/>\n<meta property=\"og:image\" content=\"https:\/\/studionarluga.com\/wp-content\/uploads\/2024\/08\/IMG_7818-864x1024.png\" \/>\n\t<meta property=\"og:image:width\" content=\"864\" \/>\n\t<meta property=\"og:image:height\" content=\"1024\" \/>\n\t<meta property=\"og:image:type\" content=\"image\/png\" \/>\n<meta name=\"author\" content=\"Leila\" \/>\n<script type=\"application\/ld+json\" class=\"yoast-schema-graph\">{\"@context\":\"https:\/\/schema.org\",\"@graph\":[{\"@type\":\"Article\",\"@id\":\"https:\/\/studionarluga.com\/index.php\/2025\/03\/17\/thomas-tremblay-nouvel-associe\/#article\",\"isPartOf\":{\"@id\":\"https:\/\/studionarluga.com\/index.php\/2025\/03\/17\/thomas-tremblay-nouvel-associe\/\"},\"author\":{\"name\":\"Leila\",\"@id\":\"https:\/\/studionarluga.com\/#\/schema\/person\/559e00d6053b130d496531ddc84ff06b\"},\"headline\":\"Thomas Tremblay : nouvel associ\u00e9 !\",\"datePublished\":\"2025-03-17T19:04:29+00:00\",\"dateModified\":\"2025-03-17T19:26:41+00:00\",\"mainEntityOfPage\":{\"@id\":\"https:\/\/studionarluga.com\/index.php\/2025\/03\/17\/thomas-tremblay-nouvel-associe\/\"},\"wordCount\":63,\"publisher\":{\"@id\":\"https:\/\/studionarluga.com\/#organization\"},\"image\":{\"@id\":\"https:\/\/studionarluga.com\/index.php\/2025\/03\/17\/thomas-tremblay-nouvel-associe\/#primaryimage\"},\"thumbnailUrl\":\"https:\/\/studionarluga.com\/wp-content\/uploads\/2024\/08\/IMG_7818.png\",\"inLanguage\":\"fr-CA\"},{\"@type\":\"WebPage\",\"@id\":\"https:\/\/studionarluga.com\/index.php\/2025\/03\/17\/thomas-tremblay-nouvel-associe\/\",\"url\":\"https:\/\/studionarluga.com\/index.php\/2025\/03\/17\/thomas-tremblay-nouvel-associe\/\",\"name\":\"Thomas Tremblay : nouvel associ\u00e9 ! - Studio Narluga\",\"isPartOf\":{\"@id\":\"https:\/\/studionarluga.com\/#website\"},\"primaryImageOfPage\":{\"@id\":\"https:\/\/studionarluga.com\/index.php\/2025\/03\/17\/thomas-tremblay-nouvel-associe\/#primaryimage\"},\"image\":{\"@id\":\"https:\/\/studionarluga.com\/index.php\/2025\/03\/17\/thomas-tremblay-nouvel-associe\/#primaryimage\"},\"thumbnailUrl\":\"https:\/\/studionarluga.com\/wp-content\/uploads\/2024\/08\/IMG_7818.png\",\"datePublished\":\"2025-03-17T19:04:29+00:00\",\"dateModified\":\"2025-03-17T19:26:41+00:00\",\"breadcrumb\":{\"@id\":\"https:\/\/studionarluga.com\/index.php\/2025\/03\/17\/thomas-tremblay-nouvel-associe\/#breadcrumb\"},\"inLanguage\":\"fr-CA\",\"potentialAction\":[{\"@type\":\"ReadAction\",\"target\":[\"https:\/\/studionarluga.com\/index.php\/2025\/03\/17\/thomas-tremblay-nouvel-associe\/\"]}]},{\"@type\":\"ImageObject\",\"inLanguage\":\"fr-CA\",\"@id\":\"https:\/\/studionarluga.com\/index.php\/2025\/03\/17\/thomas-tremblay-nouvel-associe\/#primaryimage\",\"url\":\"https:\/\/studionarluga.com\/wp-content\/uploads\/2024\/08\/IMG_7818.png\",\"contentUrl\":\"https:\/\/studionarluga.com\/wp-content\/uploads\/2024\/08\/IMG_7818.png\",\"width\":2160,\"height\":2560},{\"@type\":\"BreadcrumbList\",\"@id\":\"https:\/\/studionarluga.com\/index.php\/2025\/03\/17\/thomas-tremblay-nouvel-associe\/#breadcrumb\",\"itemListElement\":[{\"@type\":\"ListItem\",\"position\":1,\"name\":\"Accueil\",\"item\":\"https:\/\/studionarluga.com\/\"},{\"@type\":\"ListItem\",\"position\":2,\"name\":\"Thomas Tremblay : nouvel associ\u00e9 !\"}]},{\"@type\":\"WebSite\",\"@id\":\"https:\/\/studionarluga.com\/#website\",\"url\":\"https:\/\/studionarluga.com\/\",\"name\":\"Studio Narluga\",\"description\":\"Sous les vagues de la musique\",\"publisher\":{\"@id\":\"https:\/\/studionarluga.com\/#organization\"},\"alternateName\":\"Narluga\",\"potentialAction\":[{\"@type\":\"SearchAction\",\"target\":{\"@type\":\"EntryPoint\",\"urlTemplate\":\"https:\/\/studionarluga.com\/?s={search_term_string}\"},\"query-input\":{\"@type\":\"PropertyValueSpecification\",\"valueRequired\":true,\"valueName\":\"search_term_string\"}}],\"inLanguage\":\"fr-CA\"},{\"@type\":\"Organization\",\"@id\":\"https:\/\/studionarluga.com\/#organization\",\"name\":\"Studio Narluga Inc\",\"alternateName\":\"Studio Narluga\",\"url\":\"https:\/\/studionarluga.com\/\",\"logo\":{\"@type\":\"ImageObject\",\"inLanguage\":\"fr-CA\",\"@id\":\"https:\/\/studionarluga.com\/#\/schema\/logo\/image\/\",\"url\":\"https:\/\/studionarluga.com\/wp-content\/uploads\/2023\/06\/IMG_1704.png\",\"contentUrl\":\"https:\/\/studionarluga.com\/wp-content\/uploads\/2023\/06\/IMG_1704.png\",\"width\":2500,\"height\":2500,\"caption\":\"Studio Narluga Inc\"},\"image\":{\"@id\":\"https:\/\/studionarluga.com\/#\/schema\/logo\/image\/\"},\"sameAs\":[\"https:\/\/www.facebook.com\/studio.narluga\",\"https:\/\/www.instagram.com\/studio.narluga\/\",\"https:\/\/www.tiktok.com\/@studio.narluga?is_from_webapp=1&sender_device=pc\"]},{\"@type\":\"Person\",\"@id\":\"https:\/\/studionarluga.com\/#\/schema\/person\/559e00d6053b130d496531ddc84ff06b\",\"name\":\"Leila\",\"image\":{\"@type\":\"ImageObject\",\"inLanguage\":\"fr-CA\",\"@id\":\"https:\/\/studionarluga.com\/#\/schema\/person\/image\/\",\"url\":\"https:\/\/secure.gravatar.com\/avatar\/dd36f0ccb34996dc5ac112daa07fdaeb40dbeda2b5284fc47f1cef4b2af63b54?s=96&d=mm&r=g\",\"contentUrl\":\"https:\/\/secure.gravatar.com\/avatar\/dd36f0ccb34996dc5ac112daa07fdaeb40dbeda2b5284fc47f1cef4b2af63b54?s=96&d=mm&r=g\",\"caption\":\"Leila\"},\"sameAs\":[\"https:\/\/studionarluga.com\"],\"url\":\"https:\/\/studionarluga.com\/index.php\/author\/leila\/\"}]}<\/script>\n<!-- \/ Yoast SEO plugin. -->","yoast_head_json":{"title":"Thomas Tremblay : nouvel associ\u00e9 ! - Studio Narluga","robots":{"index":"noindex","follow":"follow"},"og_locale":"fr_CA","og_type":"article","og_title":"Thomas Tremblay : nouvel associ\u00e9 ! - Studio Narluga","og_description":"Voici notre nouvel associ\u00e9 !! Dipl\u00f4m\u00e9 du Coll\u00e8ge Lionel-Groulx en composition, Thomas est maintenant \u00e9tudiant \u00e0 l\u2019Universit\u00e9 de Montr\u00e9al. Passionn\u00e9 par tous les styles, du jazz au rock progressif, il privil\u00e9gie cr\u00e9ativit\u00e9 et qualit\u00e9 sonore. Thomas compte plusieurs projets, dont son premier album solo sorti en 2024 et un spectacle de marionnettes \u00e0 travers le [&hellip;]","og_url":"https:\/\/studionarluga.com\/index.php\/2025\/03\/17\/thomas-tremblay-nouvel-associe\/","og_site_name":"Studio Narluga","article_publisher":"https:\/\/www.facebook.com\/studio.narluga","article_published_time":"2025-03-17T19:04:29+00:00","article_modified_time":"2025-03-17T19:26:41+00:00","og_image":[{"width":864,"height":1024,"url":"https:\/\/studionarluga.com\/wp-content\/uploads\/2024\/08\/IMG_7818-864x1024.png","type":"image\/png"}],"author":"Leila","schema":{"@context":"https:\/\/schema.org","@graph":[{"@type":"Article","@id":"https:\/\/studionarluga.com\/index.php\/2025\/03\/17\/thomas-tremblay-nouvel-associe\/#article","isPartOf":{"@id":"https:\/\/studionarluga.com\/index.php\/2025\/03\/17\/thomas-tremblay-nouvel-associe\/"},"author":{"name":"Leila","@id":"https:\/\/studionarluga.com\/#\/schema\/person\/559e00d6053b130d496531ddc84ff06b"},"headline":"Thomas Tremblay : nouvel associ\u00e9 !","datePublished":"2025-03-17T19:04:29+00:00","dateModified":"2025-03-17T19:26:41+00:00","mainEntityOfPage":{"@id":"https:\/\/studionarluga.com\/index.php\/2025\/03\/17\/thomas-tremblay-nouvel-associe\/"},"wordCount":63,"publisher":{"@id":"https:\/\/studionarluga.com\/#organization"},"image":{"@id":"https:\/\/studionarluga.com\/index.php\/2025\/03\/17\/thomas-tremblay-nouvel-associe\/#primaryimage"},"thumbnailUrl":"https:\/\/studionarluga.com\/wp-content\/uploads\/2024\/08\/IMG_7818.png","inLanguage":"fr-CA"},{"@type":"WebPage","@id":"https:\/\/studionarluga.com\/index.php\/2025\/03\/17\/thomas-tremblay-nouvel-associe\/","url":"https:\/\/studionarluga.com\/index.php\/2025\/03\/17\/thomas-tremblay-nouvel-associe\/","name":"Thomas Tremblay : nouvel associ\u00e9 ! - Studio Narluga","isPartOf":{"@id":"https:\/\/studionarluga.com\/#website"},"primaryImageOfPage":{"@id":"https:\/\/studionarluga.com\/index.php\/2025\/03\/17\/thomas-tremblay-nouvel-associe\/#primaryimage"},"image":{"@id":"https:\/\/studionarluga.com\/index.php\/2025\/03\/17\/thomas-tremblay-nouvel-associe\/#primaryimage"},"thumbnailUrl":"https:\/\/studionarluga.com\/wp-content\/uploads\/2024\/08\/IMG_7818.png","datePublished":"2025-03-17T19:04:29+00:00","dateModified":"2025-03-17T19:26:41+00:00","breadcrumb":{"@id":"https:\/\/studionarluga.com\/index.php\/2025\/03\/17\/thomas-tremblay-nouvel-associe\/#breadcrumb"},"inLanguage":"fr-CA","potentialAction":[{"@type":"ReadAction","target":["https:\/\/studionarluga.com\/index.php\/2025\/03\/17\/thomas-tremblay-nouvel-associe\/"]}]},{"@type":"ImageObject","inLanguage":"fr-CA","@id":"https:\/\/studionarluga.com\/index.php\/2025\/03\/17\/thomas-tremblay-nouvel-associe\/#primaryimage","url":"https:\/\/studionarluga.com\/wp-content\/uploads\/2024\/08\/IMG_7818.png","contentUrl":"https:\/\/studionarluga.com\/wp-content\/uploads\/2024\/08\/IMG_7818.png","width":2160,"height":2560},{"@type":"BreadcrumbList","@id":"https:\/\/studionarluga.com\/index.php\/2025\/03\/17\/thomas-tremblay-nouvel-associe\/#breadcrumb","itemListElement":[{"@type":"ListItem","position":1,"name":"Accueil","item":"https:\/\/studionarluga.com\/"},{"@type":"ListItem","position":2,"name":"Thomas Tremblay : nouvel associ\u00e9 !"}]},{"@type":"WebSite","@id":"https:\/\/studionarluga.com\/#website","url":"https:\/\/studionarluga.com\/","name":"Studio Narluga","description":"Sous les vagues de la musique","publisher":{"@id":"https:\/\/studionarluga.com\/#organization"},"alternateName":"Narluga","potentialAction":[{"@type":"SearchAction","target":{"@type":"EntryPoint","urlTemplate":"https:\/\/studionarluga.com\/?s={search_term_string}"},"query-input":{"@type":"PropertyValueSpecification","valueRequired":true,"valueName":"search_term_string"}}],"inLanguage":"fr-CA"},{"@type":"Organization","@id":"https:\/\/studionarluga.com\/#organization","name":"Studio Narluga Inc","alternateName":"Studio Narluga","url":"https:\/\/studionarluga.com\/","logo":{"@type":"ImageObject","inLanguage":"fr-CA","@id":"https:\/\/studionarluga.com\/#\/schema\/logo\/image\/","url":"https:\/\/studionarluga.com\/wp-content\/uploads\/2023\/06\/IMG_1704.png","contentUrl":"https:\/\/studionarluga.com\/wp-content\/uploads\/2023\/06\/IMG_1704.png","width":2500,"height":2500,"caption":"Studio Narluga Inc"},"image":{"@id":"https:\/\/studionarluga.com\/#\/schema\/logo\/image\/"},"sameAs":["https:\/\/www.facebook.com\/studio.narluga","https:\/\/www.instagram.com\/studio.narluga\/","https:\/\/www.tiktok.com\/@studio.narluga?is_from_webapp=1&sender_device=pc"]},{"@type":"Person","@id":"https:\/\/studionarluga.com\/#\/schema\/person\/559e00d6053b130d496531ddc84ff06b","name":"Leila","image":{"@type":"ImageObject","inLanguage":"fr-CA","@id":"https:\/\/studionarluga.com\/#\/schema\/person\/image\/","url":"https:\/\/secure.gravatar.com\/avatar\/dd36f0ccb34996dc5ac112daa07fdaeb40dbeda2b5284fc47f1cef4b2af63b54?s=96&d=mm&r=g","contentUrl":"https:\/\/secure.gravatar.com\/avatar\/dd36f0ccb34996dc5ac112daa07fdaeb40dbeda2b5284fc47f1cef4b2af63b54?s=96&d=mm&r=g","caption":"Leila"},"sameAs":["https:\/\/studionarluga.com"],"url":"https:\/\/studionarluga.com\/index.php\/author\/leila\/"}]}},"_links":{"self":[{"href":"https:\/\/studionarluga.com\/index.php\/wp-json\/wp\/v2\/posts\/4850","targetHints":{"allow":["GET"]}}],"collection":[{"href":"https:\/\/studionarluga.com\/index.php\/wp-json\/wp\/v2\/posts"}],"about":[{"href":"https:\/\/studionarluga.com\/index.php\/wp-json\/wp\/v2\/types\/post"}],"author":[{"embeddable":true,"href":"https:\/\/studionarluga.com\/index.php\/wp-json\/wp\/v2\/users\/1"}],"replies":[{"embeddable":true,"href":"https:\/\/studionarluga.com\/index.php\/wp-json\/wp\/v2\/comments?post=4850"}],"version-history":[{"count":2,"href":"https:\/\/studionarluga.com\/index.php\/wp-json\/wp\/v2\/posts\/4850\/revisions"}],"predecessor-version":[{"id":4862,"href":"https:\/\/studionarluga.com\/index.php\/wp-json\/wp\/v2\/posts\/4850\/revisions\/4862"}],"wp:featuredmedia":[{"embeddable":true,"href":"https:\/\/studionarluga.com\/index.php\/wp-json\/wp\/v2\/media\/4418"}],"wp:attachment":[{"href":"https:\/\/studionarluga.com\/index.php\/wp-json\/wp\/v2\/media?parent=4850"}],"wp:term":[{"taxonomy":"category","embeddable":true,"href":"https:\/\/studionarluga.com\/index.php\/wp-json\/wp\/v2\/categories?post=4850"},{"taxonomy":"post_tag","embeddable":true,"href":"https:\/\/studionarluga.com\/index.php\/wp-json\/wp\/v2\/tags?post=4850"}],"curies":[{"name":"wp","href":"https:\/\/api.w.org\/{rel}","templated":true}]}}